{"id":1190,"date":"2025-01-08T12:59:23","date_gmt":"2025-01-08T11:59:23","guid":{"rendered":"https:\/\/ecoretreat.es\/?p=1190"},"modified":"2025-01-08T12:58:09","modified_gmt":"2025-01-08T11:58:09","slug":"gestion-emocional-un-pilar-clave-del-bienestar-integral","status":"publish","type":"post","link":"https:\/\/ecoretreat.es\/es\/gestion-emocional-un-pilar-clave-del-bienestar-integral\/","title":{"rendered":"Gesti\u00f3n emocional: Un pilar clave del bienestar integral"},"content":{"rendered":"<p>Actualmente, vivir en grandes ciudades y trabajar en entornos empresariales significa adaptarse a un ritmo acelerado, donde la productividad y la actividad constante son la norma. Para mantener un bienestar pleno en este contexto no basta solo con hacer ejercicio o comer de manera saludable.<\/p>\n<blockquote><p>La gesti\u00f3n emocional en un pilar esencial para vivir de forma equilibrada y placentera en un mundo sobreestimulado.<\/p><\/blockquote>\n<h4><strong>Las herramientas para manejar emociones intensas y altos niveles de estr\u00e9s son clave para enfrentarse a la presi\u00f3n del d\u00eda a d\u00eda, mejorar el enfoque y fortalecer las relaciones interpersonales.<\/strong><\/h4>\n<p>&nbsp;<\/p>\n<h3><strong>Un cambio de conciencia: la evoluci\u00f3n de la gesti\u00f3n emocional<\/strong><\/h3>\n<p>En el pasado, el bienestar emocional era minimizado frente a las demandas f\u00edsicas, familiares o profesionales, sin embargo, en las \u00faltimas d\u00e9cadas, esto ha cambiado significativamente.<\/p>\n<p><strong>Las emociones ya no deben ser controladas o ignoradas, sino comprendidas y gestionadas de manera consciente.<\/strong><\/p>\n<p>Este cambio de paradigma permite reconocer a la gesti\u00f3n emocional dentro del \u00e1mbito de la salud y el bienestar. Investigaciones demuestran c\u00f3mo las emociones afectan nuestras decisiones, nuestro cuerpo y nuestra mente.<\/p>\n<p><strong>La inteligencia emocional<\/strong>, definida por Mayer y Salovey (1997) como<em> la capacidad de percibir, comprender y regular emociones, <\/em>es <strong>clave para promover el crecimiento emocional e intelectual<\/strong>. En esencia, nos permite <em>\u201cpensar con el coraz\u00f3n\u201d<\/em>, gestionando nuestras relaciones sociales de manera m\u00e1s efectiva y consciente.<\/p>\n<h3><strong>\u00a0<\/strong><\/h3>\n<h3><strong>La gesti\u00f3n emocional en entornos laborales<\/strong><\/h3>\n<p>&nbsp;<\/p>\n<p><img loading=\"lazy\" class=\"size-medium wp-image-1183\" src=\"https:\/\/ecoretreat.es\/wp-content\/uploads\/2025\/01\/office-workers-glass-300x200.jpg\" alt=\"\" width=\"300\" height=\"200\" srcset=\"https:\/\/ecoretreat.es\/wp-content\/uploads\/2025\/01\/office-workers-glass-300x200.jpg 300w, https:\/\/ecoretreat.es\/wp-content\/uploads\/2025\/01\/office-workers-glass-1024x683.jpg 1024w, https:\/\/ecoretreat.es\/wp-content\/uploads\/2025\/01\/office-workers-glass-768x512.jpg 768w, https:\/\/ecoretreat.es\/wp-content\/uploads\/2025\/01\/office-workers-glass-1536x1024.jpg 1536w, https:\/\/ecoretreat.es\/wp-content\/uploads\/2025\/01\/office-workers-glass-2048x1365.jpg 2048w, https:\/\/ecoretreat.es\/wp-content\/uploads\/2025\/01\/office-workers-glass-900x600.jpg 900w\" sizes=\"(max-width: 300px) 100vw, 300px\" \/><\/p>\n<p>El mundo corporativo y el ritmo acelerado de las grandes ciudades ejercen una presi\u00f3n constante. El estr\u00e9s y la ansiedad son problemas muy comunes que, si no se abordan, afectan el bienestar individual y el rendimiento laboral.<\/p>\n<p>Practicar la gesti\u00f3n emocional en el trabajo, permite mantener la calma en situaciones desafiantes, tomar decisiones claras y reducir el impacto del estr\u00e9s. Adem\u00e1s, fomenta un entorno laboral colaborativo, fortalece las relaciones interpersonales y mejora la comunicaci\u00f3n.<\/p>\n<h3><strong><img loading=\"lazy\" class=\"alignnone size-medium wp-image-1180\" src=\"https:\/\/ecoretreat.es\/wp-content\/uploads\/2025\/01\/friends-waving-camera-sofa-300x200.jpg\" alt=\"\" width=\"300\" height=\"200\" srcset=\"https:\/\/ecoretreat.es\/wp-content\/uploads\/2025\/01\/friends-waving-camera-sofa-300x200.jpg 300w, https:\/\/ecoretreat.es\/wp-content\/uploads\/2025\/01\/friends-waving-camera-sofa-1024x683.jpg 1024w, https:\/\/ecoretreat.es\/wp-content\/uploads\/2025\/01\/friends-waving-camera-sofa-768x512.jpg 768w, https:\/\/ecoretreat.es\/wp-content\/uploads\/2025\/01\/friends-waving-camera-sofa-1536x1024.jpg 1536w, https:\/\/ecoretreat.es\/wp-content\/uploads\/2025\/01\/friends-waving-camera-sofa-2048x1365.jpg 2048w, https:\/\/ecoretreat.es\/wp-content\/uploads\/2025\/01\/friends-waving-camera-sofa-900x600.jpg 900w\" sizes=\"(max-width: 300px) 100vw, 300px\" \/>\u00a0<\/strong><\/h3>\n<h3><strong>Herramientas pr\u00e1cticas para empresas<\/strong><\/h3>\n<p>Las empresas juegan un papel fundamental en el bienestar emocional de sus equipos. Implementar estas pr\u00e1cticas y herramientas puede transformar la vida de los empleados y crear entornos de trabajo saludables y eficientes.<\/p>\n<p>Algunas propuestas:<\/p>\n<ul>\n<li><strong>Mindfulness y meditaci\u00f3n<\/strong>: Sesiones regulares para desconectar del estr\u00e9s y reconectar con el presente.<\/li>\n<li><strong>Espacios de desconexi\u00f3n<\/strong>: Zonas tranquilas para pausas breves que permitan recargar energ\u00edas.<\/li>\n<li><strong>Talleres de inteligencia emocional<\/strong>: Capacitaci\u00f3n para identificar y expresar emociones de forma saludable.<\/li>\n<li><strong>Respiraci\u00f3n consciente<\/strong>: Ejercicios simples durante reuniones o jornadas laborales para reducir tensiones.<\/li>\n<li><strong>Pr\u00e1cticas en la naturaleza<\/strong>: Actividades al aire libre que promuevan la relajaci\u00f3n y el equilibrio emocional.<\/li>\n<\/ul>\n<p>Priorizar el bienestar emocional y generar entornos laborales de crecimiento personal y profesional demuestra responsabilidad y visi\u00f3n hacia el futuro.<\/p>\n<h4><strong>\u00bfY t\u00fa, c\u00f3mo cuidas de tus trabajadores?<\/strong><\/h4>\n","protected":false},"excerpt":{"rendered":"<p>Actualmente, vivir en grandes ciudades y trabajar en entornos empresariales significa adaptarse a un ritmo acelerado, donde la productividad y la actividad constante son la norma. Para mantener un bienestar&#8230;<\/p>\n","protected":false},"author":2,"featured_media":1177,"comment_status":"closed","ping_status":"closed","sticky":false,"template":"","format":"standard","meta":[],"categories":[39],"tags":[56,55,42,57],"yoast_head":"<!-- This site is optimized with the Yoast SEO plugin v15.7 - https:\/\/yoast.com\/wordpress\/plugins\/seo\/ -->\n<title>Gesti\u00f3n emocional: Un pilar clave del bienestar integral - Eco Retreat<\/title>\n<meta name=\"robots\" content=\"index, follow, max-snippet:-1, max-image-preview:large, max-video-preview:-1\" \/>\n<link rel=\"canonical\" href=\"https:\/\/ecoretreat.es\/es\/emotional-management-a-key-pillar-of-comprehensive-wellbeing\/\" \/>\n<meta property=\"og:locale\" content=\"es_ES\" \/>\n<meta property=\"og:type\" content=\"article\" \/>\n<meta property=\"og:title\" content=\"Gesti\u00f3n emocional: Un pilar clave del bienestar integral - Eco Retreat\" \/>\n<meta property=\"og:description\" content=\"Actualmente, vivir en grandes ciudades y trabajar en entornos empresariales significa adaptarse a un ritmo acelerado, donde la productividad y la actividad constante son la norma. Para mantener un bienestar...\" \/>\n<meta property=\"og:url\" content=\"https:\/\/ecoretreat.es\/emotional-management-a-key-pillar-of-comprehensive-wellbeing\/\" \/>\n<meta property=\"og:site_name\" content=\"Eco Retreat\" \/>\n<meta property=\"article:published_time\" content=\"2025-01-08T11:59:23+00:00\" \/>\n<meta property=\"article:modified_time\" content=\"2025-01-08T11:58:09+00:00\" \/>\n<meta property=\"og:image\" content=\"https:\/\/ecoretreat.es\/wp-content\/uploads\/2025\/01\/medium-shot-woman-meditation-pose-scaled.jpg\" \/>\n\t<meta property=\"og:image:width\" content=\"2560\" \/>\n\t<meta property=\"og:image:height\" content=\"1707\" \/>\n<meta name=\"twitter:card\" content=\"summary_large_image\" \/>\n<meta name=\"twitter:label1\" content=\"Tiempo de lectura\">\n\t<meta name=\"twitter:data1\" content=\"3 minutos\">\n<script type=\"application\/ld+json\" class=\"yoast-schema-graph\">{\"@context\":\"https:\/\/schema.org\",\"@graph\":[{\"@type\":\"WebSite\",\"@id\":\"https:\/\/ecoretreat.es\/#website\",\"url\":\"https:\/\/ecoretreat.es\/\",\"name\":\"Eco Retreat\",\"description\":\"\",\"potentialAction\":[{\"@type\":\"SearchAction\",\"target\":\"https:\/\/ecoretreat.es\/?s={search_term_string}\",\"query-input\":\"required name=search_term_string\"}],\"inLanguage\":\"es\"},{\"@type\":\"ImageObject\",\"@id\":\"https:\/\/ecoretreat.es\/emotional-management-a-key-pillar-of-comprehensive-wellbeing\/#primaryimage\",\"inLanguage\":\"es\",\"url\":\"https:\/\/ecoretreat.es\/wp-content\/uploads\/2025\/01\/medium-shot-woman-meditation-pose-scaled.jpg\",\"width\":2560,\"height\":1707},{\"@type\":\"WebPage\",\"@id\":\"https:\/\/ecoretreat.es\/emotional-management-a-key-pillar-of-comprehensive-wellbeing\/#webpage\",\"url\":\"https:\/\/ecoretreat.es\/emotional-management-a-key-pillar-of-comprehensive-wellbeing\/\",\"name\":\"Gesti\\u00f3n emocional: Un pilar clave del bienestar integral - Eco Retreat\",\"isPartOf\":{\"@id\":\"https:\/\/ecoretreat.es\/#website\"},\"primaryImageOfPage\":{\"@id\":\"https:\/\/ecoretreat.es\/emotional-management-a-key-pillar-of-comprehensive-wellbeing\/#primaryimage\"},\"datePublished\":\"2025-01-08T11:59:23+00:00\",\"dateModified\":\"2025-01-08T11:58:09+00:00\",\"author\":{\"@id\":\"https:\/\/ecoretreat.es\/#\/schema\/person\/c59778d8db8e514654a293b64377434b\"},\"inLanguage\":\"es\",\"potentialAction\":[{\"@type\":\"ReadAction\",\"target\":[\"https:\/\/ecoretreat.es\/emotional-management-a-key-pillar-of-comprehensive-wellbeing\/\"]}]},{\"@type\":\"Person\",\"@id\":\"https:\/\/ecoretreat.es\/#\/schema\/person\/c59778d8db8e514654a293b64377434b\",\"name\":\"ecoRETREAT\",\"image\":{\"@type\":\"ImageObject\",\"@id\":\"https:\/\/ecoretreat.es\/#personlogo\",\"inLanguage\":\"es\",\"url\":\"https:\/\/secure.gravatar.com\/avatar\/14112884caebbaf44aff615077ae65b5?s=96&d=mm&r=g\",\"caption\":\"ecoRETREAT\"}}]}<\/script>\n<!-- \/ Yoast SEO plugin. -->","_links":{"self":[{"href":"https:\/\/ecoretreat.es\/es\/wp-json\/wp\/v2\/posts\/1190"}],"collection":[{"href":"https:\/\/ecoretreat.es\/es\/wp-json\/wp\/v2\/posts"}],"about":[{"href":"https:\/\/ecoretreat.es\/es\/wp-json\/wp\/v2\/types\/post"}],"author":[{"embeddable":true,"href":"https:\/\/ecoretreat.es\/es\/wp-json\/wp\/v2\/users\/2"}],"replies":[{"embeddable":true,"href":"https:\/\/ecoretreat.es\/es\/wp-json\/wp\/v2\/comments?post=1190"}],"version-history":[{"count":15,"href":"https:\/\/ecoretreat.es\/es\/wp-json\/wp\/v2\/posts\/1190\/revisions"}],"predecessor-version":[{"id":1206,"href":"https:\/\/ecoretreat.es\/es\/wp-json\/wp\/v2\/posts\/1190\/revisions\/1206"}],"wp:featuredmedia":[{"embeddable":true,"href":"https:\/\/ecoretreat.es\/es\/wp-json\/wp\/v2\/media\/1177"}],"wp:attachment":[{"href":"https:\/\/ecoretreat.es\/es\/wp-json\/wp\/v2\/media?parent=1190"}],"wp:term":[{"taxonomy":"category","embeddable":true,"href":"https:\/\/ecoretreat.es\/es\/wp-json\/wp\/v2\/categories?post=1190"},{"taxonomy":"post_tag","embeddable":true,"href":"https:\/\/ecoretreat.es\/es\/wp-json\/wp\/v2\/tags?post=1190"}],"curies":[{"name":"wp","href":"https:\/\/api.w.org\/{rel}","templated":true}]}}